{"id":1045,"date":"2024-09-27T12:13:57","date_gmt":"2024-09-27T10:13:57","guid":{"rendered":"https:\/\/asbrindas.fr\/?p=1045"},"modified":"2024-09-27T12:13:58","modified_gmt":"2024-09-27T10:13:58","slug":"stage-pour-les-vacances-de-toussaint","status":"publish","type":"post","link":"https:\/\/asbrindas.fr\/index.php\/2024\/09\/27\/stage-pour-les-vacances-de-toussaint\/","title":{"rendered":"Stage pour les vacances de Toussaint"},"content":{"rendered":"\n<p><\/p>\n\n\n\n<p>L\u2019<strong>ASB<\/strong> organise un stage Gym et Multisports pendant les vacances de la Toussaint\u00a0!<\/p>\n\n\n\n<p><strong>Quand\u00a0?<\/strong> Du lundi 21 octobre au vendredi 25 octobre de 9h \u00e0 17h<\/p>\n\n\n\n<p><strong>O\u00f9\u00a0?<\/strong> Gymnase Alain Mimoun \u2013 Brindas<\/p>\n\n\n\n<p><strong>Pour qui\u00a0?<\/strong> Les enfants de 7 \u00e0 15 ans<\/p>\n\n\n\n<p>Le stage s\u2019adapte \u00e0 votre planning : l\u2019inscription peut se faire sur une journ\u00e9e, plusieurs journ\u00e9es ou la semaine compl\u00e8te.<\/p>\n\n\n\n<p>Il faut pr\u00e9voir un pique-nique pour le midi.<\/p>\n\n\n\n<p>Tarifs&nbsp;:<\/p>\n\n\n\n<p>&#8211; 160\u20ac la semaine ou 32\u20ac par journ\u00e9e si votre enfant est adh\u00e9rent ASB<\/p>\n\n\n\n<p>&#8211; 180\u20ac la semaine ou 36\u20ac par journ\u00e9e si votre enfant est non adh\u00e9rent ASB<\/p>\n\n\n\n<p>Les inscriptions se font uniquement par mail, ici<\/p>\n\n\n\n<p><a href=\"mailto:stageasb@gmail.com\" target=\"_blank\" rel=\"noreferrer noopener\">stageasb@gmail.com<\/a><\/p>\n\n\n\n<p>Les places sont limit\u00e9es&nbsp;!<\/p>\n","protected":false},"excerpt":{"rendered":"<p>L\u2019ASB organise un stage Gym et Multisports pendant les vacances de la Toussaint\u00a0! Quand\u00a0? Du lundi 21 octobre au vendredi<\/p>\n","protected":false},"author":4,"featured_media":0,"comment_status":"closed","ping_status":"closed","sticky":false,"template":"","format":"standard","meta":{"footnotes":""},"categories":[1],"tags":[],"class_list":["post-1045","post","type-post","status-publish","format-standard","hentry","category-non-classe","comments-off"],"yoast_head":"<!-- This site is optimized with the Yoast SEO plugin v27.5 - https:\/\/yoast.com\/product\/yoast-seo-wordpress\/ -->\n<title>Stage pour les vacances de Toussaint - Association Sportive de Brindas<\/title>\n<meta name=\"robots\" content=\"index, follow, max-snippet:-1, max-image-preview:large, max-video-preview:-1\" \/>\n<link rel=\"canonical\" href=\"https:\/\/asbrindas.fr\/index.php\/2024\/09\/27\/stage-pour-les-vacances-de-toussaint\/\" \/>\n<meta property=\"og:locale\" content=\"fr_FR\" \/>\n<meta property=\"og:type\" content=\"article\" \/>\n<meta property=\"og:title\" content=\"Stage pour les vacances de Toussaint - Association Sportive de Brindas\" \/>\n<meta property=\"og:description\" content=\"L\u2019ASB organise un stage Gym et Multisports pendant les vacances de la Toussaint\u00a0! Quand\u00a0? Du lundi 21 octobre au vendredi\" \/>\n<meta property=\"og:url\" content=\"https:\/\/asbrindas.fr\/index.php\/2024\/09\/27\/stage-pour-les-vacances-de-toussaint\/\" \/>\n<meta property=\"og:site_name\" content=\"Association Sportive de Brindas\" \/>\n<meta property=\"article:published_time\" content=\"2024-09-27T10:13:57+00:00\" \/>\n<meta property=\"article:modified_time\" content=\"2024-09-27T10:13:58+00:00\" \/>\n<meta name=\"author\" content=\"Aurelie litaud\" \/>\n<meta name=\"twitter:card\" content=\"summary_large_image\" \/>\n<meta name=\"twitter:label1\" content=\"\u00c9crit par\" \/>\n\t<meta name=\"twitter:data1\" content=\"Aurelie litaud\" \/>\n\t<meta name=\"twitter:label2\" content=\"Dur\u00e9e de lecture estim\u00e9e\" \/>\n\t<meta name=\"twitter:data2\" content=\"1 minute\" \/>\n<script type=\"application\/ld+json\" class=\"yoast-schema-graph\">{\"@context\":\"https:\\\/\\\/schema.org\",\"@graph\":[{\"@type\":\"Article\",\"@id\":\"https:\\\/\\\/asbrindas.fr\\\/index.php\\\/2024\\\/09\\\/27\\\/stage-pour-les-vacances-de-toussaint\\\/#article\",\"isPartOf\":{\"@id\":\"https:\\\/\\\/asbrindas.fr\\\/index.php\\\/2024\\\/09\\\/27\\\/stage-pour-les-vacances-de-toussaint\\\/\"},\"author\":{\"name\":\"Aurelie litaud\",\"@id\":\"http:\\\/\\\/asbrindas.fr\\\/#\\\/schema\\\/person\\\/221984f0f5e14242175e19284b7f585d\"},\"headline\":\"Stage pour les vacances de Toussaint\",\"datePublished\":\"2024-09-27T10:13:57+00:00\",\"dateModified\":\"2024-09-27T10:13:58+00:00\",\"mainEntityOfPage\":{\"@id\":\"https:\\\/\\\/asbrindas.fr\\\/index.php\\\/2024\\\/09\\\/27\\\/stage-pour-les-vacances-de-toussaint\\\/\"},\"wordCount\":121,\"publisher\":{\"@id\":\"http:\\\/\\\/asbrindas.fr\\\/#organization\"},\"inLanguage\":\"fr-FR\"},{\"@type\":\"WebPage\",\"@id\":\"https:\\\/\\\/asbrindas.fr\\\/index.php\\\/2024\\\/09\\\/27\\\/stage-pour-les-vacances-de-toussaint\\\/\",\"url\":\"https:\\\/\\\/asbrindas.fr\\\/index.php\\\/2024\\\/09\\\/27\\\/stage-pour-les-vacances-de-toussaint\\\/\",\"name\":\"Stage pour les vacances de Toussaint - Association Sportive de Brindas\",\"isPartOf\":{\"@id\":\"http:\\\/\\\/asbrindas.fr\\\/#website\"},\"datePublished\":\"2024-09-27T10:13:57+00:00\",\"dateModified\":\"2024-09-27T10:13:58+00:00\",\"breadcrumb\":{\"@id\":\"https:\\\/\\\/asbrindas.fr\\\/index.php\\\/2024\\\/09\\\/27\\\/stage-pour-les-vacances-de-toussaint\\\/#breadcrumb\"},\"inLanguage\":\"fr-FR\",\"potentialAction\":[{\"@type\":\"ReadAction\",\"target\":[\"https:\\\/\\\/asbrindas.fr\\\/index.php\\\/2024\\\/09\\\/27\\\/stage-pour-les-vacances-de-toussaint\\\/\"]}]},{\"@type\":\"BreadcrumbList\",\"@id\":\"https:\\\/\\\/asbrindas.fr\\\/index.php\\\/2024\\\/09\\\/27\\\/stage-pour-les-vacances-de-toussaint\\\/#breadcrumb\",\"itemListElement\":[{\"@type\":\"ListItem\",\"position\":1,\"name\":\"Accueil\",\"item\":\"http:\\\/\\\/asbrindas.fr\\\/\"},{\"@type\":\"ListItem\",\"position\":2,\"name\":\"Stage pour les vacances de Toussaint\"}]},{\"@type\":\"WebSite\",\"@id\":\"http:\\\/\\\/asbrindas.fr\\\/#website\",\"url\":\"http:\\\/\\\/asbrindas.fr\\\/\",\"name\":\"Association Sportive de Brindas - ASB\",\"description\":\"Association Sportive Brindas\",\"publisher\":{\"@id\":\"http:\\\/\\\/asbrindas.fr\\\/#organization\"},\"potentialAction\":[{\"@type\":\"SearchAction\",\"target\":{\"@type\":\"EntryPoint\",\"urlTemplate\":\"http:\\\/\\\/asbrindas.fr\\\/?s={search_term_string}\"},\"query-input\":{\"@type\":\"PropertyValueSpecification\",\"valueRequired\":true,\"valueName\":\"search_term_string\"}}],\"inLanguage\":\"fr-FR\"},{\"@type\":\"Organization\",\"@id\":\"http:\\\/\\\/asbrindas.fr\\\/#organization\",\"name\":\"Association Sportive de Brindas - ASB\",\"url\":\"http:\\\/\\\/asbrindas.fr\\\/\",\"logo\":{\"@type\":\"ImageObject\",\"inLanguage\":\"fr-FR\",\"@id\":\"http:\\\/\\\/asbrindas.fr\\\/#\\\/schema\\\/logo\\\/image\\\/\",\"url\":\"http:\\\/\\\/asbrindas.fr\\\/wp-content\\\/uploads\\\/2024\\\/07\\\/Logo-ASB-80.png\",\"contentUrl\":\"http:\\\/\\\/asbrindas.fr\\\/wp-content\\\/uploads\\\/2024\\\/07\\\/Logo-ASB-80.png\",\"width\":228,\"height\":219,\"caption\":\"Association Sportive de Brindas - ASB\"},\"image\":{\"@id\":\"http:\\\/\\\/asbrindas.fr\\\/#\\\/schema\\\/logo\\\/image\\\/\"}},{\"@type\":\"Person\",\"@id\":\"http:\\\/\\\/asbrindas.fr\\\/#\\\/schema\\\/person\\\/221984f0f5e14242175e19284b7f585d\",\"name\":\"Aurelie litaud\",\"image\":{\"@type\":\"ImageObject\",\"inLanguage\":\"fr-FR\",\"@id\":\"https:\\\/\\\/secure.gravatar.com\\\/avatar\\\/d29c3d4cef18203eaf5a2f091a09eec56f1e3406d425f8f6e3647b0d4017ac6f?s=96&d=mm&r=g\",\"url\":\"https:\\\/\\\/secure.gravatar.com\\\/avatar\\\/d29c3d4cef18203eaf5a2f091a09eec56f1e3406d425f8f6e3647b0d4017ac6f?s=96&d=mm&r=g\",\"contentUrl\":\"https:\\\/\\\/secure.gravatar.com\\\/avatar\\\/d29c3d4cef18203eaf5a2f091a09eec56f1e3406d425f8f6e3647b0d4017ac6f?s=96&d=mm&r=g\",\"caption\":\"Aurelie litaud\"},\"url\":\"https:\\\/\\\/asbrindas.fr\\\/index.php\\\/author\\\/aurelie-litaud\\\/\"}]}<\/script>\n<!-- \/ Yoast SEO plugin. -->","yoast_head_json":{"title":"Stage pour les vacances de Toussaint - Association Sportive de Brindas","robots":{"index":"index","follow":"follow","max-snippet":"max-snippet:-1","max-image-preview":"max-image-preview:large","max-video-preview":"max-video-preview:-1"},"canonical":"https:\/\/asbrindas.fr\/index.php\/2024\/09\/27\/stage-pour-les-vacances-de-toussaint\/","og_locale":"fr_FR","og_type":"article","og_title":"Stage pour les vacances de Toussaint - Association Sportive de Brindas","og_description":"L\u2019ASB organise un stage Gym et Multisports pendant les vacances de la Toussaint\u00a0! Quand\u00a0? Du lundi 21 octobre au vendredi","og_url":"https:\/\/asbrindas.fr\/index.php\/2024\/09\/27\/stage-pour-les-vacances-de-toussaint\/","og_site_name":"Association Sportive de Brindas","article_published_time":"2024-09-27T10:13:57+00:00","article_modified_time":"2024-09-27T10:13:58+00:00","author":"Aurelie litaud","twitter_card":"summary_large_image","twitter_misc":{"\u00c9crit par":"Aurelie litaud","Dur\u00e9e de lecture estim\u00e9e":"1 minute"},"schema":{"@context":"https:\/\/schema.org","@graph":[{"@type":"Article","@id":"https:\/\/asbrindas.fr\/index.php\/2024\/09\/27\/stage-pour-les-vacances-de-toussaint\/#article","isPartOf":{"@id":"https:\/\/asbrindas.fr\/index.php\/2024\/09\/27\/stage-pour-les-vacances-de-toussaint\/"},"author":{"name":"Aurelie litaud","@id":"http:\/\/asbrindas.fr\/#\/schema\/person\/221984f0f5e14242175e19284b7f585d"},"headline":"Stage pour les vacances de Toussaint","datePublished":"2024-09-27T10:13:57+00:00","dateModified":"2024-09-27T10:13:58+00:00","mainEntityOfPage":{"@id":"https:\/\/asbrindas.fr\/index.php\/2024\/09\/27\/stage-pour-les-vacances-de-toussaint\/"},"wordCount":121,"publisher":{"@id":"http:\/\/asbrindas.fr\/#organization"},"inLanguage":"fr-FR"},{"@type":"WebPage","@id":"https:\/\/asbrindas.fr\/index.php\/2024\/09\/27\/stage-pour-les-vacances-de-toussaint\/","url":"https:\/\/asbrindas.fr\/index.php\/2024\/09\/27\/stage-pour-les-vacances-de-toussaint\/","name":"Stage pour les vacances de Toussaint - Association Sportive de Brindas","isPartOf":{"@id":"http:\/\/asbrindas.fr\/#website"},"datePublished":"2024-09-27T10:13:57+00:00","dateModified":"2024-09-27T10:13:58+00:00","breadcrumb":{"@id":"https:\/\/asbrindas.fr\/index.php\/2024\/09\/27\/stage-pour-les-vacances-de-toussaint\/#breadcrumb"},"inLanguage":"fr-FR","potentialAction":[{"@type":"ReadAction","target":["https:\/\/asbrindas.fr\/index.php\/2024\/09\/27\/stage-pour-les-vacances-de-toussaint\/"]}]},{"@type":"BreadcrumbList","@id":"https:\/\/asbrindas.fr\/index.php\/2024\/09\/27\/stage-pour-les-vacances-de-toussaint\/#breadcrumb","itemListElement":[{"@type":"ListItem","position":1,"name":"Accueil","item":"http:\/\/asbrindas.fr\/"},{"@type":"ListItem","position":2,"name":"Stage pour les vacances de Toussaint"}]},{"@type":"WebSite","@id":"http:\/\/asbrindas.fr\/#website","url":"http:\/\/asbrindas.fr\/","name":"Association Sportive de Brindas - ASB","description":"Association Sportive Brindas","publisher":{"@id":"http:\/\/asbrindas.fr\/#organization"},"potentialAction":[{"@type":"SearchAction","target":{"@type":"EntryPoint","urlTemplate":"http:\/\/asbrindas.fr\/?s={search_term_string}"},"query-input":{"@type":"PropertyValueSpecification","valueRequired":true,"valueName":"search_term_string"}}],"inLanguage":"fr-FR"},{"@type":"Organization","@id":"http:\/\/asbrindas.fr\/#organization","name":"Association Sportive de Brindas - ASB","url":"http:\/\/asbrindas.fr\/","logo":{"@type":"ImageObject","inLanguage":"fr-FR","@id":"http:\/\/asbrindas.fr\/#\/schema\/logo\/image\/","url":"http:\/\/asbrindas.fr\/wp-content\/uploads\/2024\/07\/Logo-ASB-80.png","contentUrl":"http:\/\/asbrindas.fr\/wp-content\/uploads\/2024\/07\/Logo-ASB-80.png","width":228,"height":219,"caption":"Association Sportive de Brindas - ASB"},"image":{"@id":"http:\/\/asbrindas.fr\/#\/schema\/logo\/image\/"}},{"@type":"Person","@id":"http:\/\/asbrindas.fr\/#\/schema\/person\/221984f0f5e14242175e19284b7f585d","name":"Aurelie litaud","image":{"@type":"ImageObject","inLanguage":"fr-FR","@id":"https:\/\/secure.gravatar.com\/avatar\/d29c3d4cef18203eaf5a2f091a09eec56f1e3406d425f8f6e3647b0d4017ac6f?s=96&d=mm&r=g","url":"https:\/\/secure.gravatar.com\/avatar\/d29c3d4cef18203eaf5a2f091a09eec56f1e3406d425f8f6e3647b0d4017ac6f?s=96&d=mm&r=g","contentUrl":"https:\/\/secure.gravatar.com\/avatar\/d29c3d4cef18203eaf5a2f091a09eec56f1e3406d425f8f6e3647b0d4017ac6f?s=96&d=mm&r=g","caption":"Aurelie litaud"},"url":"https:\/\/asbrindas.fr\/index.php\/author\/aurelie-litaud\/"}]}},"_links":{"self":[{"href":"https:\/\/asbrindas.fr\/index.php\/wp-json\/wp\/v2\/posts\/1045","targetHints":{"allow":["GET"]}}],"collection":[{"href":"https:\/\/asbrindas.fr\/index.php\/wp-json\/wp\/v2\/posts"}],"about":[{"href":"https:\/\/asbrindas.fr\/index.php\/wp-json\/wp\/v2\/types\/post"}],"author":[{"embeddable":true,"href":"https:\/\/asbrindas.fr\/index.php\/wp-json\/wp\/v2\/users\/4"}],"replies":[{"embeddable":true,"href":"https:\/\/asbrindas.fr\/index.php\/wp-json\/wp\/v2\/comments?post=1045"}],"version-history":[{"count":1,"href":"https:\/\/asbrindas.fr\/index.php\/wp-json\/wp\/v2\/posts\/1045\/revisions"}],"predecessor-version":[{"id":1046,"href":"https:\/\/asbrindas.fr\/index.php\/wp-json\/wp\/v2\/posts\/1045\/revisions\/1046"}],"wp:attachment":[{"href":"https:\/\/asbrindas.fr\/index.php\/wp-json\/wp\/v2\/media?parent=1045"}],"wp:term":[{"taxonomy":"category","embeddable":true,"href":"https:\/\/asbrindas.fr\/index.php\/wp-json\/wp\/v2\/categories?post=1045"},{"taxonomy":"post_tag","embeddable":true,"href":"https:\/\/asbrindas.fr\/index.php\/wp-json\/wp\/v2\/tags?post=1045"}],"curies":[{"name":"wp","href":"https:\/\/api.w.org\/{rel}","templated":true}]}}