{"id":1336,"date":"2025-06-15T12:02:07","date_gmt":"2025-06-15T10:02:07","guid":{"rendered":"https:\/\/asbrindas.fr\/?p=1336"},"modified":"2025-06-18T22:31:48","modified_gmt":"2025-06-18T20:31:48","slug":"fete-de-lasb","status":"publish","type":"post","link":"https:\/\/asbrindas.fr\/index.php\/2025\/06\/15\/fete-de-lasb\/","title":{"rendered":"F\u00eate de l&rsquo;ASB"},"content":{"rendered":"\n<p>Nous vous attendons pour venir d\u00e9couvrir toutes nos activit\u00e9s&#8230;<\/p>\n\n\n\n<div class=\"wp-block-columns is-layout-flex wp-container-core-columns-is-layout-9d6595d7 wp-block-columns-is-layout-flex\">\n<div class=\"wp-block-column is-layout-flow wp-block-column-is-layout-flow\">\n<figure class=\"wp-block-image size-large\"><img loading=\"lazy\" decoding=\"async\" width=\"724\" height=\"1024\" src=\"http:\/\/asbrindas.fr\/wp-content\/uploads\/2025\/06\/Recto-1-724x1024.png\" alt=\"\" class=\"wp-image-1332\" srcset=\"https:\/\/asbrindas.fr\/wp-content\/uploads\/2025\/06\/Recto-1-724x1024.png 724w, https:\/\/asbrindas.fr\/wp-content\/uploads\/2025\/06\/Recto-1-212x300.png 212w, https:\/\/asbrindas.fr\/wp-content\/uploads\/2025\/06\/Recto-1-768x1086.png 768w, https:\/\/asbrindas.fr\/wp-content\/uploads\/2025\/06\/Recto-1-1086x1536.png 1086w, https:\/\/asbrindas.fr\/wp-content\/uploads\/2025\/06\/Recto-1.png 1414w\" sizes=\"auto, (max-width: 724px) 100vw, 724px\" \/><\/figure>\n<\/div>\n\n\n\n<div class=\"wp-block-column is-layout-flow wp-block-column-is-layout-flow\">\n<figure class=\"wp-block-image size-large\"><img loading=\"lazy\" decoding=\"async\" width=\"724\" height=\"1024\" src=\"http:\/\/asbrindas.fr\/wp-content\/uploads\/2025\/06\/verso-3-1-724x1024.jpg\" alt=\"\" class=\"wp-image-1333\" srcset=\"https:\/\/asbrindas.fr\/wp-content\/uploads\/2025\/06\/verso-3-1-724x1024.jpg 724w, https:\/\/asbrindas.fr\/wp-content\/uploads\/2025\/06\/verso-3-1-212x300.jpg 212w, https:\/\/asbrindas.fr\/wp-content\/uploads\/2025\/06\/verso-3-1-768x1086.jpg 768w, https:\/\/asbrindas.fr\/wp-content\/uploads\/2025\/06\/verso-3-1-1086x1536.jpg 1086w, https:\/\/asbrindas.fr\/wp-content\/uploads\/2025\/06\/verso-3-1.jpg 1414w\" sizes=\"auto, (max-width: 724px) 100vw, 724px\" \/><\/figure>\n<\/div>\n<\/div>\n","protected":false},"excerpt":{"rendered":"<p>Nous vous attendons pour venir d\u00e9couvrir toutes nos activit\u00e9s&#8230;<\/p>\n","protected":false},"author":3,"featured_media":0,"comment_status":"closed","ping_status":"open","sticky":false,"template":"","format":"standard","meta":{"footnotes":""},"categories":[1],"tags":[],"class_list":["post-1336","post","type-post","status-publish","format-standard","hentry","category-non-classe","comments-off"],"yoast_head":"<!-- This site is optimized with the Yoast SEO plugin v27.5 - https:\/\/yoast.com\/product\/yoast-seo-wordpress\/ -->\n<title>F\u00eate de l&#039;ASB - Association Sportive de Brindas<\/title>\n<meta name=\"robots\" content=\"index, follow, max-snippet:-1, max-image-preview:large, max-video-preview:-1\" \/>\n<link rel=\"canonical\" href=\"https:\/\/asbrindas.fr\/index.php\/2025\/06\/15\/fete-de-lasb\/\" \/>\n<meta property=\"og:locale\" content=\"fr_FR\" \/>\n<meta property=\"og:type\" content=\"article\" \/>\n<meta property=\"og:title\" content=\"F\u00eate de l&#039;ASB - Association Sportive de Brindas\" \/>\n<meta property=\"og:description\" content=\"Nous vous attendons pour venir d\u00e9couvrir toutes nos activit\u00e9s&#8230;\" \/>\n<meta property=\"og:url\" content=\"https:\/\/asbrindas.fr\/index.php\/2025\/06\/15\/fete-de-lasb\/\" \/>\n<meta property=\"og:site_name\" content=\"Association Sportive de Brindas\" \/>\n<meta property=\"article:published_time\" content=\"2025-06-15T10:02:07+00:00\" \/>\n<meta property=\"article:modified_time\" content=\"2025-06-18T20:31:48+00:00\" \/>\n<meta property=\"og:image\" content=\"http:\/\/asbrindas.fr\/wp-content\/uploads\/2025\/06\/Recto-1-724x1024.png\" \/>\n<meta name=\"author\" content=\"Laure Bottazzi\" \/>\n<meta name=\"twitter:card\" content=\"summary_large_image\" \/>\n<meta name=\"twitter:label1\" content=\"\u00c9crit par\" \/>\n\t<meta name=\"twitter:data1\" content=\"Laure Bottazzi\" \/>\n\t<meta name=\"twitter:label2\" content=\"Dur\u00e9e de lecture estim\u00e9e\" \/>\n\t<meta name=\"twitter:data2\" content=\"1 minute\" \/>\n<script type=\"application\/ld+json\" class=\"yoast-schema-graph\">{\"@context\":\"https:\\\/\\\/schema.org\",\"@graph\":[{\"@type\":\"Article\",\"@id\":\"https:\\\/\\\/asbrindas.fr\\\/index.php\\\/2025\\\/06\\\/15\\\/fete-de-lasb\\\/#article\",\"isPartOf\":{\"@id\":\"https:\\\/\\\/asbrindas.fr\\\/index.php\\\/2025\\\/06\\\/15\\\/fete-de-lasb\\\/\"},\"author\":{\"name\":\"Laure Bottazzi\",\"@id\":\"http:\\\/\\\/asbrindas.fr\\\/#\\\/schema\\\/person\\\/84cba67ec75564e15bfdbbb7cc4701e6\"},\"headline\":\"F\u00eate de l&rsquo;ASB\",\"datePublished\":\"2025-06-15T10:02:07+00:00\",\"dateModified\":\"2025-06-18T20:31:48+00:00\",\"mainEntityOfPage\":{\"@id\":\"https:\\\/\\\/asbrindas.fr\\\/index.php\\\/2025\\\/06\\\/15\\\/fete-de-lasb\\\/\"},\"wordCount\":16,\"publisher\":{\"@id\":\"http:\\\/\\\/asbrindas.fr\\\/#organization\"},\"image\":{\"@id\":\"https:\\\/\\\/asbrindas.fr\\\/index.php\\\/2025\\\/06\\\/15\\\/fete-de-lasb\\\/#primaryimage\"},\"thumbnailUrl\":\"http:\\\/\\\/asbrindas.fr\\\/wp-content\\\/uploads\\\/2025\\\/06\\\/Recto-1-724x1024.png\",\"inLanguage\":\"fr-FR\"},{\"@type\":\"WebPage\",\"@id\":\"https:\\\/\\\/asbrindas.fr\\\/index.php\\\/2025\\\/06\\\/15\\\/fete-de-lasb\\\/\",\"url\":\"https:\\\/\\\/asbrindas.fr\\\/index.php\\\/2025\\\/06\\\/15\\\/fete-de-lasb\\\/\",\"name\":\"F\u00eate de l'ASB - Association Sportive de Brindas\",\"isPartOf\":{\"@id\":\"http:\\\/\\\/asbrindas.fr\\\/#website\"},\"primaryImageOfPage\":{\"@id\":\"https:\\\/\\\/asbrindas.fr\\\/index.php\\\/2025\\\/06\\\/15\\\/fete-de-lasb\\\/#primaryimage\"},\"image\":{\"@id\":\"https:\\\/\\\/asbrindas.fr\\\/index.php\\\/2025\\\/06\\\/15\\\/fete-de-lasb\\\/#primaryimage\"},\"thumbnailUrl\":\"http:\\\/\\\/asbrindas.fr\\\/wp-content\\\/uploads\\\/2025\\\/06\\\/Recto-1-724x1024.png\",\"datePublished\":\"2025-06-15T10:02:07+00:00\",\"dateModified\":\"2025-06-18T20:31:48+00:00\",\"breadcrumb\":{\"@id\":\"https:\\\/\\\/asbrindas.fr\\\/index.php\\\/2025\\\/06\\\/15\\\/fete-de-lasb\\\/#breadcrumb\"},\"inLanguage\":\"fr-FR\",\"potentialAction\":[{\"@type\":\"ReadAction\",\"target\":[\"https:\\\/\\\/asbrindas.fr\\\/index.php\\\/2025\\\/06\\\/15\\\/fete-de-lasb\\\/\"]}]},{\"@type\":\"ImageObject\",\"inLanguage\":\"fr-FR\",\"@id\":\"https:\\\/\\\/asbrindas.fr\\\/index.php\\\/2025\\\/06\\\/15\\\/fete-de-lasb\\\/#primaryimage\",\"url\":\"https:\\\/\\\/asbrindas.fr\\\/wp-content\\\/uploads\\\/2025\\\/06\\\/Recto-1.png\",\"contentUrl\":\"https:\\\/\\\/asbrindas.fr\\\/wp-content\\\/uploads\\\/2025\\\/06\\\/Recto-1.png\",\"width\":1414,\"height\":2000},{\"@type\":\"BreadcrumbList\",\"@id\":\"https:\\\/\\\/asbrindas.fr\\\/index.php\\\/2025\\\/06\\\/15\\\/fete-de-lasb\\\/#breadcrumb\",\"itemListElement\":[{\"@type\":\"ListItem\",\"position\":1,\"name\":\"Accueil\",\"item\":\"http:\\\/\\\/asbrindas.fr\\\/\"},{\"@type\":\"ListItem\",\"position\":2,\"name\":\"F\u00eate de l&rsquo;ASB\"}]},{\"@type\":\"WebSite\",\"@id\":\"http:\\\/\\\/asbrindas.fr\\\/#website\",\"url\":\"http:\\\/\\\/asbrindas.fr\\\/\",\"name\":\"Association Sportive de Brindas - ASB\",\"description\":\"Association Sportive Brindas\",\"publisher\":{\"@id\":\"http:\\\/\\\/asbrindas.fr\\\/#organization\"},\"potentialAction\":[{\"@type\":\"SearchAction\",\"target\":{\"@type\":\"EntryPoint\",\"urlTemplate\":\"http:\\\/\\\/asbrindas.fr\\\/?s={search_term_string}\"},\"query-input\":{\"@type\":\"PropertyValueSpecification\",\"valueRequired\":true,\"valueName\":\"search_term_string\"}}],\"inLanguage\":\"fr-FR\"},{\"@type\":\"Organization\",\"@id\":\"http:\\\/\\\/asbrindas.fr\\\/#organization\",\"name\":\"Association Sportive de Brindas - ASB\",\"url\":\"http:\\\/\\\/asbrindas.fr\\\/\",\"logo\":{\"@type\":\"ImageObject\",\"inLanguage\":\"fr-FR\",\"@id\":\"http:\\\/\\\/asbrindas.fr\\\/#\\\/schema\\\/logo\\\/image\\\/\",\"url\":\"http:\\\/\\\/asbrindas.fr\\\/wp-content\\\/uploads\\\/2024\\\/07\\\/Logo-ASB-80.png\",\"contentUrl\":\"http:\\\/\\\/asbrindas.fr\\\/wp-content\\\/uploads\\\/2024\\\/07\\\/Logo-ASB-80.png\",\"width\":228,\"height\":219,\"caption\":\"Association Sportive de Brindas - ASB\"},\"image\":{\"@id\":\"http:\\\/\\\/asbrindas.fr\\\/#\\\/schema\\\/logo\\\/image\\\/\"}},{\"@type\":\"Person\",\"@id\":\"http:\\\/\\\/asbrindas.fr\\\/#\\\/schema\\\/person\\\/84cba67ec75564e15bfdbbb7cc4701e6\",\"name\":\"Laure Bottazzi\",\"image\":{\"@type\":\"ImageObject\",\"inLanguage\":\"fr-FR\",\"@id\":\"https:\\\/\\\/secure.gravatar.com\\\/avatar\\\/e930a2ba0119df3ade49c5944b39bb8363053fe4b8a1ed73ebbd327e61ec2209?s=96&d=mm&r=g\",\"url\":\"https:\\\/\\\/secure.gravatar.com\\\/avatar\\\/e930a2ba0119df3ade49c5944b39bb8363053fe4b8a1ed73ebbd327e61ec2209?s=96&d=mm&r=g\",\"contentUrl\":\"https:\\\/\\\/secure.gravatar.com\\\/avatar\\\/e930a2ba0119df3ade49c5944b39bb8363053fe4b8a1ed73ebbd327e61ec2209?s=96&d=mm&r=g\",\"caption\":\"Laure Bottazzi\"},\"url\":\"https:\\\/\\\/asbrindas.fr\\\/index.php\\\/author\\\/laure-bottazzi\\\/\"}]}<\/script>\n<!-- \/ Yoast SEO plugin. -->","yoast_head_json":{"title":"F\u00eate de l'ASB - Association Sportive de Brindas","robots":{"index":"index","follow":"follow","max-snippet":"max-snippet:-1","max-image-preview":"max-image-preview:large","max-video-preview":"max-video-preview:-1"},"canonical":"https:\/\/asbrindas.fr\/index.php\/2025\/06\/15\/fete-de-lasb\/","og_locale":"fr_FR","og_type":"article","og_title":"F\u00eate de l'ASB - Association Sportive de Brindas","og_description":"Nous vous attendons pour venir d\u00e9couvrir toutes nos activit\u00e9s&#8230;","og_url":"https:\/\/asbrindas.fr\/index.php\/2025\/06\/15\/fete-de-lasb\/","og_site_name":"Association Sportive de Brindas","article_published_time":"2025-06-15T10:02:07+00:00","article_modified_time":"2025-06-18T20:31:48+00:00","og_image":[{"url":"http:\/\/asbrindas.fr\/wp-content\/uploads\/2025\/06\/Recto-1-724x1024.png","type":"","width":"","height":""}],"author":"Laure Bottazzi","twitter_card":"summary_large_image","twitter_misc":{"\u00c9crit par":"Laure Bottazzi","Dur\u00e9e de lecture estim\u00e9e":"1 minute"},"schema":{"@context":"https:\/\/schema.org","@graph":[{"@type":"Article","@id":"https:\/\/asbrindas.fr\/index.php\/2025\/06\/15\/fete-de-lasb\/#article","isPartOf":{"@id":"https:\/\/asbrindas.fr\/index.php\/2025\/06\/15\/fete-de-lasb\/"},"author":{"name":"Laure Bottazzi","@id":"http:\/\/asbrindas.fr\/#\/schema\/person\/84cba67ec75564e15bfdbbb7cc4701e6"},"headline":"F\u00eate de l&rsquo;ASB","datePublished":"2025-06-15T10:02:07+00:00","dateModified":"2025-06-18T20:31:48+00:00","mainEntityOfPage":{"@id":"https:\/\/asbrindas.fr\/index.php\/2025\/06\/15\/fete-de-lasb\/"},"wordCount":16,"publisher":{"@id":"http:\/\/asbrindas.fr\/#organization"},"image":{"@id":"https:\/\/asbrindas.fr\/index.php\/2025\/06\/15\/fete-de-lasb\/#primaryimage"},"thumbnailUrl":"http:\/\/asbrindas.fr\/wp-content\/uploads\/2025\/06\/Recto-1-724x1024.png","inLanguage":"fr-FR"},{"@type":"WebPage","@id":"https:\/\/asbrindas.fr\/index.php\/2025\/06\/15\/fete-de-lasb\/","url":"https:\/\/asbrindas.fr\/index.php\/2025\/06\/15\/fete-de-lasb\/","name":"F\u00eate de l'ASB - Association Sportive de Brindas","isPartOf":{"@id":"http:\/\/asbrindas.fr\/#website"},"primaryImageOfPage":{"@id":"https:\/\/asbrindas.fr\/index.php\/2025\/06\/15\/fete-de-lasb\/#primaryimage"},"image":{"@id":"https:\/\/asbrindas.fr\/index.php\/2025\/06\/15\/fete-de-lasb\/#primaryimage"},"thumbnailUrl":"http:\/\/asbrindas.fr\/wp-content\/uploads\/2025\/06\/Recto-1-724x1024.png","datePublished":"2025-06-15T10:02:07+00:00","dateModified":"2025-06-18T20:31:48+00:00","breadcrumb":{"@id":"https:\/\/asbrindas.fr\/index.php\/2025\/06\/15\/fete-de-lasb\/#breadcrumb"},"inLanguage":"fr-FR","potentialAction":[{"@type":"ReadAction","target":["https:\/\/asbrindas.fr\/index.php\/2025\/06\/15\/fete-de-lasb\/"]}]},{"@type":"ImageObject","inLanguage":"fr-FR","@id":"https:\/\/asbrindas.fr\/index.php\/2025\/06\/15\/fete-de-lasb\/#primaryimage","url":"https:\/\/asbrindas.fr\/wp-content\/uploads\/2025\/06\/Recto-1.png","contentUrl":"https:\/\/asbrindas.fr\/wp-content\/uploads\/2025\/06\/Recto-1.png","width":1414,"height":2000},{"@type":"BreadcrumbList","@id":"https:\/\/asbrindas.fr\/index.php\/2025\/06\/15\/fete-de-lasb\/#breadcrumb","itemListElement":[{"@type":"ListItem","position":1,"name":"Accueil","item":"http:\/\/asbrindas.fr\/"},{"@type":"ListItem","position":2,"name":"F\u00eate de l&rsquo;ASB"}]},{"@type":"WebSite","@id":"http:\/\/asbrindas.fr\/#website","url":"http:\/\/asbrindas.fr\/","name":"Association Sportive de Brindas - ASB","description":"Association Sportive Brindas","publisher":{"@id":"http:\/\/asbrindas.fr\/#organization"},"potentialAction":[{"@type":"SearchAction","target":{"@type":"EntryPoint","urlTemplate":"http:\/\/asbrindas.fr\/?s={search_term_string}"},"query-input":{"@type":"PropertyValueSpecification","valueRequired":true,"valueName":"search_term_string"}}],"inLanguage":"fr-FR"},{"@type":"Organization","@id":"http:\/\/asbrindas.fr\/#organization","name":"Association Sportive de Brindas - ASB","url":"http:\/\/asbrindas.fr\/","logo":{"@type":"ImageObject","inLanguage":"fr-FR","@id":"http:\/\/asbrindas.fr\/#\/schema\/logo\/image\/","url":"http:\/\/asbrindas.fr\/wp-content\/uploads\/2024\/07\/Logo-ASB-80.png","contentUrl":"http:\/\/asbrindas.fr\/wp-content\/uploads\/2024\/07\/Logo-ASB-80.png","width":228,"height":219,"caption":"Association Sportive de Brindas - ASB"},"image":{"@id":"http:\/\/asbrindas.fr\/#\/schema\/logo\/image\/"}},{"@type":"Person","@id":"http:\/\/asbrindas.fr\/#\/schema\/person\/84cba67ec75564e15bfdbbb7cc4701e6","name":"Laure Bottazzi","image":{"@type":"ImageObject","inLanguage":"fr-FR","@id":"https:\/\/secure.gravatar.com\/avatar\/e930a2ba0119df3ade49c5944b39bb8363053fe4b8a1ed73ebbd327e61ec2209?s=96&d=mm&r=g","url":"https:\/\/secure.gravatar.com\/avatar\/e930a2ba0119df3ade49c5944b39bb8363053fe4b8a1ed73ebbd327e61ec2209?s=96&d=mm&r=g","contentUrl":"https:\/\/secure.gravatar.com\/avatar\/e930a2ba0119df3ade49c5944b39bb8363053fe4b8a1ed73ebbd327e61ec2209?s=96&d=mm&r=g","caption":"Laure Bottazzi"},"url":"https:\/\/asbrindas.fr\/index.php\/author\/laure-bottazzi\/"}]}},"_links":{"self":[{"href":"https:\/\/asbrindas.fr\/index.php\/wp-json\/wp\/v2\/posts\/1336","targetHints":{"allow":["GET"]}}],"collection":[{"href":"https:\/\/asbrindas.fr\/index.php\/wp-json\/wp\/v2\/posts"}],"about":[{"href":"https:\/\/asbrindas.fr\/index.php\/wp-json\/wp\/v2\/types\/post"}],"author":[{"embeddable":true,"href":"https:\/\/asbrindas.fr\/index.php\/wp-json\/wp\/v2\/users\/3"}],"replies":[{"embeddable":true,"href":"https:\/\/asbrindas.fr\/index.php\/wp-json\/wp\/v2\/comments?post=1336"}],"version-history":[{"count":2,"href":"https:\/\/asbrindas.fr\/index.php\/wp-json\/wp\/v2\/posts\/1336\/revisions"}],"predecessor-version":[{"id":1338,"href":"https:\/\/asbrindas.fr\/index.php\/wp-json\/wp\/v2\/posts\/1336\/revisions\/1338"}],"wp:attachment":[{"href":"https:\/\/asbrindas.fr\/index.php\/wp-json\/wp\/v2\/media?parent=1336"}],"wp:term":[{"taxonomy":"category","embeddable":true,"href":"https:\/\/asbrindas.fr\/index.php\/wp-json\/wp\/v2\/categories?post=1336"},{"taxonomy":"post_tag","embeddable":true,"href":"https:\/\/asbrindas.fr\/index.php\/wp-json\/wp\/v2\/tags?post=1336"}],"curies":[{"name":"wp","href":"https:\/\/api.w.org\/{rel}","templated":true}]}}